{"id":98,"date":"2020-09-27T17:36:00","date_gmt":"2020-09-27T15:36:00","guid":{"rendered":"https:\/\/parafie.wsd.rzeszow.pl\/utwdrz\/?p=98"},"modified":"2026-08-24T11:52:38","modified_gmt":"2026-08-24T09:52:38","slug":"inauguracja-nowego-roku-akademickiego-2020-2021","status":"publish","type":"post","link":"https:\/\/www.utwdrz.rzeszow.pl\/index.php\/2020\/09\/27\/inauguracja-nowego-roku-akademickiego-2020-2021\/","title":{"rendered":"Inauguracja nowego roku akademickiego 2020\/2021"},"content":{"rendered":"\n<p class=\"wp-block-paragraph\">26.09.2020 &#8211; Inauguracja roku akademickiego 2020\/2021- dla s\u0142uchaczy Uniwersytetu Trzeciego Wieku Diecezji Rzeszowskiej. W programie: <\/p>\n\n\n\n<p class=\"wp-block-paragraph\">9.00 \u2013 Msza \u015bw. pod przewodnictwem ks. Biskupa Edwarda Bia\u0142og\u0142owskiego; <\/p>\n\n\n\n<p class=\"wp-block-paragraph\">10.00 \u2013 wyk\u0142ad inauguracyjny \u2013 ks. dr Tomasz B\u0105k: Zwiastowanie w Ewangelii wg \u015bw. \u0141ukasza i w tw\u00f3rczo\u015bci Fra Angelico; <\/p>\n\n\n\n<p class=\"wp-block-paragraph\">11.00 \u2013 komunikaty; <\/p>\n\n\n\n<p class=\"wp-block-paragraph\">11.30 \u2013 posi\u0142ek.<\/p>\n\n\n\n<figure class=\"wp-block-gallery columns-3 is-cropped wp-block-gallery-1 is-layout-flex wp-block-gallery-is-layout-flex\"><ul class=\"blocks-gallery-grid\"><li class=\"blocks-gallery-item\"><figure><img loading=\"lazy\" decoding=\"async\" width=\"1024\" height=\"768\" src=\"https:\/\/parafie.wsd.rzeszow.pl\/utwdrz\/wp-content\/uploads\/2020\/10\/inauguracja-1024x768.jpg\" alt=\"\" data-id=\"99\" data-full-url=\"https:\/\/parafie.wsd.rzeszow.pl\/utwdrz\/wp-content\/uploads\/2020\/10\/inauguracja.jpg\" data-link=\"https:\/\/parafie.wsd.rzeszow.pl\/utwdrz\/?attachment_id=99\" class=\"wp-image-99\" srcset=\"https:\/\/www.utwdrz.rzeszow.pl\/wp-content\/uploads\/2020\/10\/inauguracja-1024x768.jpg 1024w, https:\/\/www.utwdrz.rzeszow.pl\/wp-content\/uploads\/2020\/10\/inauguracja-300x225.jpg 300w, https:\/\/www.utwdrz.rzeszow.pl\/wp-content\/uploads\/2020\/10\/inauguracja-768x576.jpg 768w, https:\/\/www.utwdrz.rzeszow.pl\/wp-content\/uploads\/2020\/10\/inauguracja-1536x1152.jpg 1536w, https:\/\/www.utwdrz.rzeszow.pl\/wp-content\/uploads\/2020\/10\/inauguracja-624x468.jpg 624w, https:\/\/www.utwdrz.rzeszow.pl\/wp-content\/uploads\/2020\/10\/inauguracja-240x180.jpg 240w, https:\/\/www.utwdrz.rzeszow.pl\/wp-content\/uploads\/2020\/10\/inauguracja-80x60.jpg 80w, https:\/\/www.utwdrz.rzeszow.pl\/wp-content\/uploads\/2020\/10\/inauguracja-576x432.jpg 576w, https:\/\/www.utwdrz.rzeszow.pl\/wp-content\/uploads\/2020\/10\/inauguracja.jpg 1920w\" sizes=\"auto, (max-width: 1024px) 100vw, 1024px\" \/><\/figure><\/li><li class=\"blocks-gallery-item\"><figure><img loading=\"lazy\" decoding=\"async\" width=\"1024\" height=\"768\" src=\"https:\/\/parafie.wsd.rzeszow.pl\/utwdrz\/wp-content\/uploads\/2020\/10\/inauguracja2-1024x768.jpg\" alt=\"\" data-id=\"100\" data-full-url=\"https:\/\/parafie.wsd.rzeszow.pl\/utwdrz\/wp-content\/uploads\/2020\/10\/inauguracja2.jpg\" data-link=\"https:\/\/parafie.wsd.rzeszow.pl\/utwdrz\/?attachment_id=100\" class=\"wp-image-100\" srcset=\"https:\/\/www.utwdrz.rzeszow.pl\/wp-content\/uploads\/2020\/10\/inauguracja2-1024x768.jpg 1024w, https:\/\/www.utwdrz.rzeszow.pl\/wp-content\/uploads\/2020\/10\/inauguracja2-300x225.jpg 300w, https:\/\/www.utwdrz.rzeszow.pl\/wp-content\/uploads\/2020\/10\/inauguracja2-768x576.jpg 768w, https:\/\/www.utwdrz.rzeszow.pl\/wp-content\/uploads\/2020\/10\/inauguracja2-1536x1152.jpg 1536w, https:\/\/www.utwdrz.rzeszow.pl\/wp-content\/uploads\/2020\/10\/inauguracja2-624x468.jpg 624w, https:\/\/www.utwdrz.rzeszow.pl\/wp-content\/uploads\/2020\/10\/inauguracja2-240x180.jpg 240w, https:\/\/www.utwdrz.rzeszow.pl\/wp-content\/uploads\/2020\/10\/inauguracja2-80x60.jpg 80w, https:\/\/www.utwdrz.rzeszow.pl\/wp-content\/uploads\/2020\/10\/inauguracja2-576x432.jpg 576w, https:\/\/www.utwdrz.rzeszow.pl\/wp-content\/uploads\/2020\/10\/inauguracja2.jpg 1920w\" sizes=\"auto, (max-width: 1024px) 100vw, 1024px\" \/><\/figure><\/li><li class=\"blocks-gallery-item\"><figure><img loading=\"lazy\" decoding=\"async\" width=\"1024\" height=\"768\" src=\"https:\/\/parafie.wsd.rzeszow.pl\/utwdrz\/wp-content\/uploads\/2020\/10\/inauguracja3-1024x768.jpg\" alt=\"\" data-id=\"101\" data-full-url=\"https:\/\/parafie.wsd.rzeszow.pl\/utwdrz\/wp-content\/uploads\/2020\/10\/inauguracja3.jpg\" data-link=\"https:\/\/parafie.wsd.rzeszow.pl\/utwdrz\/?attachment_id=101\" class=\"wp-image-101\" srcset=\"https:\/\/www.utwdrz.rzeszow.pl\/wp-content\/uploads\/2020\/10\/inauguracja3-1024x768.jpg 1024w, https:\/\/www.utwdrz.rzeszow.pl\/wp-content\/uploads\/2020\/10\/inauguracja3-300x225.jpg 300w, https:\/\/www.utwdrz.rzeszow.pl\/wp-content\/uploads\/2020\/10\/inauguracja3-768x576.jpg 768w, https:\/\/www.utwdrz.rzeszow.pl\/wp-content\/uploads\/2020\/10\/inauguracja3-1536x1152.jpg 1536w, https:\/\/www.utwdrz.rzeszow.pl\/wp-content\/uploads\/2020\/10\/inauguracja3-624x468.jpg 624w, https:\/\/www.utwdrz.rzeszow.pl\/wp-content\/uploads\/2020\/10\/inauguracja3-240x180.jpg 240w, https:\/\/www.utwdrz.rzeszow.pl\/wp-content\/uploads\/2020\/10\/inauguracja3-80x60.jpg 80w, https:\/\/www.utwdrz.rzeszow.pl\/wp-content\/uploads\/2020\/10\/inauguracja3-576x432.jpg 576w, https:\/\/www.utwdrz.rzeszow.pl\/wp-content\/uploads\/2020\/10\/inauguracja3.jpg 1920w\" sizes=\"auto, (max-width: 1024px) 100vw, 1024px\" \/><\/figure><\/li><li class=\"blocks-gallery-item\"><figure><img loading=\"lazy\" decoding=\"async\" width=\"1024\" height=\"768\" src=\"https:\/\/parafie.wsd.rzeszow.pl\/utwdrz\/wp-content\/uploads\/2020\/10\/inauguracja4-1024x768.jpg\" alt=\"\" data-id=\"102\" data-full-url=\"https:\/\/parafie.wsd.rzeszow.pl\/utwdrz\/wp-content\/uploads\/2020\/10\/inauguracja4.jpg\" data-link=\"https:\/\/parafie.wsd.rzeszow.pl\/utwdrz\/?attachment_id=102\" class=\"wp-image-102\" srcset=\"https:\/\/www.utwdrz.rzeszow.pl\/wp-content\/uploads\/2020\/10\/inauguracja4-1024x768.jpg 1024w, https:\/\/www.utwdrz.rzeszow.pl\/wp-content\/uploads\/2020\/10\/inauguracja4-300x225.jpg 300w, https:\/\/www.utwdrz.rzeszow.pl\/wp-content\/uploads\/2020\/10\/inauguracja4-768x576.jpg 768w, https:\/\/www.utwdrz.rzeszow.pl\/wp-content\/uploads\/2020\/10\/inauguracja4-1536x1152.jpg 1536w, https:\/\/www.utwdrz.rzeszow.pl\/wp-content\/uploads\/2020\/10\/inauguracja4-624x468.jpg 624w, https:\/\/www.utwdrz.rzeszow.pl\/wp-content\/uploads\/2020\/10\/inauguracja4-240x180.jpg 240w, https:\/\/www.utwdrz.rzeszow.pl\/wp-content\/uploads\/2020\/10\/inauguracja4-80x60.jpg 80w, https:\/\/www.utwdrz.rzeszow.pl\/wp-content\/uploads\/2020\/10\/inauguracja4-576x432.jpg 576w, https:\/\/www.utwdrz.rzeszow.pl\/wp-content\/uploads\/2020\/10\/inauguracja4.jpg 1920w\" sizes=\"auto, (max-width: 1024px) 100vw, 1024px\" \/><\/figure><\/li><li class=\"blocks-gallery-item\"><figure><img loading=\"lazy\" decoding=\"async\" width=\"1024\" height=\"768\" src=\"https:\/\/parafie.wsd.rzeszow.pl\/utwdrz\/wp-content\/uploads\/2020\/10\/inauguracja5-1024x768.jpg\" alt=\"\" data-id=\"103\" data-full-url=\"https:\/\/parafie.wsd.rzeszow.pl\/utwdrz\/wp-content\/uploads\/2020\/10\/inauguracja5.jpg\" data-link=\"https:\/\/parafie.wsd.rzeszow.pl\/utwdrz\/?attachment_id=103\" class=\"wp-image-103\" srcset=\"https:\/\/www.utwdrz.rzeszow.pl\/wp-content\/uploads\/2020\/10\/inauguracja5-1024x768.jpg 1024w, https:\/\/www.utwdrz.rzeszow.pl\/wp-content\/uploads\/2020\/10\/inauguracja5-300x225.jpg 300w, https:\/\/www.utwdrz.rzeszow.pl\/wp-content\/uploads\/2020\/10\/inauguracja5-768x576.jpg 768w, https:\/\/www.utwdrz.rzeszow.pl\/wp-content\/uploads\/2020\/10\/inauguracja5-1536x1152.jpg 1536w, https:\/\/www.utwdrz.rzeszow.pl\/wp-content\/uploads\/2020\/10\/inauguracja5-624x468.jpg 624w, https:\/\/www.utwdrz.rzeszow.pl\/wp-content\/uploads\/2020\/10\/inauguracja5-240x180.jpg 240w, https:\/\/www.utwdrz.rzeszow.pl\/wp-content\/uploads\/2020\/10\/inauguracja5-80x60.jpg 80w, https:\/\/www.utwdrz.rzeszow.pl\/wp-content\/uploads\/2020\/10\/inauguracja5-576x432.jpg 576w, https:\/\/www.utwdrz.rzeszow.pl\/wp-content\/uploads\/2020\/10\/inauguracja5.jpg 1920w\" sizes=\"auto, (max-width: 1024px) 100vw, 1024px\" \/><\/figure><\/li><li class=\"blocks-gallery-item\"><figure><img loading=\"lazy\" decoding=\"async\" width=\"1024\" height=\"768\" src=\"https:\/\/parafie.wsd.rzeszow.pl\/utwdrz\/wp-content\/uploads\/2020\/10\/inauguracja6-1024x768.jpg\" alt=\"\" data-id=\"104\" data-full-url=\"https:\/\/parafie.wsd.rzeszow.pl\/utwdrz\/wp-content\/uploads\/2020\/10\/inauguracja6.jpg\" data-link=\"https:\/\/parafie.wsd.rzeszow.pl\/utwdrz\/?attachment_id=104\" class=\"wp-image-104\" srcset=\"https:\/\/www.utwdrz.rzeszow.pl\/wp-content\/uploads\/2020\/10\/inauguracja6-1024x768.jpg 1024w, https:\/\/www.utwdrz.rzeszow.pl\/wp-content\/uploads\/2020\/10\/inauguracja6-300x225.jpg 300w, https:\/\/www.utwdrz.rzeszow.pl\/wp-content\/uploads\/2020\/10\/inauguracja6-768x576.jpg 768w, https:\/\/www.utwdrz.rzeszow.pl\/wp-content\/uploads\/2020\/10\/inauguracja6-1536x1152.jpg 1536w, https:\/\/www.utwdrz.rzeszow.pl\/wp-content\/uploads\/2020\/10\/inauguracja6-624x468.jpg 624w, https:\/\/www.utwdrz.rzeszow.pl\/wp-content\/uploads\/2020\/10\/inauguracja6-240x180.jpg 240w, https:\/\/www.utwdrz.rzeszow.pl\/wp-content\/uploads\/2020\/10\/inauguracja6-80x60.jpg 80w, https:\/\/www.utwdrz.rzeszow.pl\/wp-content\/uploads\/2020\/10\/inauguracja6-576x432.jpg 576w, https:\/\/www.utwdrz.rzeszow.pl\/wp-content\/uploads\/2020\/10\/inauguracja6.jpg 1920w\" sizes=\"auto, (max-width: 1024px) 100vw, 1024px\" \/><\/figure><\/li><li class=\"blocks-gallery-item\"><figure><img loading=\"lazy\" decoding=\"async\" width=\"1024\" height=\"768\" src=\"https:\/\/parafie.wsd.rzeszow.pl\/utwdrz\/wp-content\/uploads\/2020\/10\/inauguracja7-1024x768.jpg\" alt=\"\" data-id=\"105\" data-full-url=\"https:\/\/parafie.wsd.rzeszow.pl\/utwdrz\/wp-content\/uploads\/2020\/10\/inauguracja7.jpg\" data-link=\"https:\/\/parafie.wsd.rzeszow.pl\/utwdrz\/?attachment_id=105\" class=\"wp-image-105\" srcset=\"https:\/\/www.utwdrz.rzeszow.pl\/wp-content\/uploads\/2020\/10\/inauguracja7-1024x768.jpg 1024w, https:\/\/www.utwdrz.rzeszow.pl\/wp-content\/uploads\/2020\/10\/inauguracja7-300x225.jpg 300w, https:\/\/www.utwdrz.rzeszow.pl\/wp-content\/uploads\/2020\/10\/inauguracja7-768x576.jpg 768w, https:\/\/www.utwdrz.rzeszow.pl\/wp-content\/uploads\/2020\/10\/inauguracja7-1536x1152.jpg 1536w, https:\/\/www.utwdrz.rzeszow.pl\/wp-content\/uploads\/2020\/10\/inauguracja7-624x468.jpg 624w, https:\/\/www.utwdrz.rzeszow.pl\/wp-content\/uploads\/2020\/10\/inauguracja7-240x180.jpg 240w, https:\/\/www.utwdrz.rzeszow.pl\/wp-content\/uploads\/2020\/10\/inauguracja7-80x60.jpg 80w, https:\/\/www.utwdrz.rzeszow.pl\/wp-content\/uploads\/2020\/10\/inauguracja7-576x432.jpg 576w, https:\/\/www.utwdrz.rzeszow.pl\/wp-content\/uploads\/2020\/10\/inauguracja7.jpg 1920w\" sizes=\"auto, (max-width: 1024px) 100vw, 1024px\" \/><\/figure><\/li><li class=\"blocks-gallery-item\"><figure><img loading=\"lazy\" decoding=\"async\" width=\"1024\" height=\"768\" src=\"https:\/\/parafie.wsd.rzeszow.pl\/utwdrz\/wp-content\/uploads\/2020\/10\/inauguracja8-1024x768.jpg\" alt=\"\" data-id=\"106\" data-full-url=\"https:\/\/parafie.wsd.rzeszow.pl\/utwdrz\/wp-content\/uploads\/2020\/10\/inauguracja8.jpg\" data-link=\"https:\/\/parafie.wsd.rzeszow.pl\/utwdrz\/?attachment_id=106\" class=\"wp-image-106\" srcset=\"https:\/\/www.utwdrz.rzeszow.pl\/wp-content\/uploads\/2020\/10\/inauguracja8-1024x768.jpg 1024w, https:\/\/www.utwdrz.rzeszow.pl\/wp-content\/uploads\/2020\/10\/inauguracja8-300x225.jpg 300w, https:\/\/www.utwdrz.rzeszow.pl\/wp-content\/uploads\/2020\/10\/inauguracja8-768x576.jpg 768w, https:\/\/www.utwdrz.rzeszow.pl\/wp-content\/uploads\/2020\/10\/inauguracja8-1536x1152.jpg 1536w, https:\/\/www.utwdrz.rzeszow.pl\/wp-content\/uploads\/2020\/10\/inauguracja8-624x468.jpg 624w, https:\/\/www.utwdrz.rzeszow.pl\/wp-content\/uploads\/2020\/10\/inauguracja8-240x180.jpg 240w, https:\/\/www.utwdrz.rzeszow.pl\/wp-content\/uploads\/2020\/10\/inauguracja8-80x60.jpg 80w, https:\/\/www.utwdrz.rzeszow.pl\/wp-content\/uploads\/2020\/10\/inauguracja8-576x432.jpg 576w, https:\/\/www.utwdrz.rzeszow.pl\/wp-content\/uploads\/2020\/10\/inauguracja8.jpg 1920w\" sizes=\"auto, (max-width: 1024px) 100vw, 1024px\" \/><\/figure><\/li><\/ul><\/figure>\n\n\n\n<p class=\"wp-block-paragraph\"><\/p>\n\r\n","protected":false},"excerpt":{"rendered":"<p>26.09.2020 &#8211; Inauguracja roku akademickiego 2020\/2021- dla s\u0142uchaczy Uniwersytetu Trzeciego Wieku Diecezji Rzeszowskiej. W programie: 9.00 \u2013 Msza \u015bw. pod przewodnictwem ks. Biskupa Edwarda Bia\u0142og\u0142owskiego; 10.00 \u2013 wyk\u0142ad inauguracyjny \u2013&#8230; <a class=\"read-more-link\" href=\"https:\/\/www.utwdrz.rzeszow.pl\/index.php\/2020\/09\/27\/inauguracja-nowego-roku-akademickiego-2020-2021\/\">Czytaj dalej &raquo;<\/a><\/p>\n","protected":false},"author":1,"featured_media":103,"comment_status":"closed","ping_status":"closed","sticky":false,"template":"","format":"standard","meta":{"footnotes":""},"categories":[12],"tags":[],"class_list":["post-98","post","type-post","status-publish","format-standard","has-post-thumbnail","hentry","category-galerie-2020"],"_links":{"self":[{"href":"https:\/\/www.utwdrz.rzeszow.pl\/index.php\/wp-json\/wp\/v2\/posts\/98","targetHints":{"allow":["GET"]}}],"collection":[{"href":"https:\/\/www.utwdrz.rzeszow.pl\/index.php\/wp-json\/wp\/v2\/posts"}],"about":[{"href":"https:\/\/www.utwdrz.rzeszow.pl\/index.php\/wp-json\/wp\/v2\/types\/post"}],"author":[{"embeddable":true,"href":"https:\/\/www.utwdrz.rzeszow.pl\/index.php\/wp-json\/wp\/v2\/users\/1"}],"replies":[{"embeddable":true,"href":"https:\/\/www.utwdrz.rzeszow.pl\/index.php\/wp-json\/wp\/v2\/comments?post=98"}],"version-history":[{"count":2,"href":"https:\/\/www.utwdrz.rzeszow.pl\/index.php\/wp-json\/wp\/v2\/posts\/98\/revisions"}],"predecessor-version":[{"id":2697,"href":"https:\/\/www.utwdrz.rzeszow.pl\/index.php\/wp-json\/wp\/v2\/posts\/98\/revisions\/2697"}],"wp:featuredmedia":[{"embeddable":true,"href":"https:\/\/www.utwdrz.rzeszow.pl\/index.php\/wp-json\/wp\/v2\/media\/103"}],"wp:attachment":[{"href":"https:\/\/www.utwdrz.rzeszow.pl\/index.php\/wp-json\/wp\/v2\/media?parent=98"}],"wp:term":[{"taxonomy":"category","embeddable":true,"href":"https:\/\/www.utwdrz.rzeszow.pl\/index.php\/wp-json\/wp\/v2\/categories?post=98"},{"taxonomy":"post_tag","embeddable":true,"href":"https:\/\/www.utwdrz.rzeszow.pl\/index.php\/wp-json\/wp\/v2\/tags?post=98"}],"curies":[{"name":"wp","href":"https:\/\/api.w.org\/{rel}","templated":true}]}}