{"id":3063,"date":"2026-09-02T15:54:49","date_gmt":"2026-09-02T13:54:49","guid":{"rendered":"https:\/\/www.utwdrz.rzeszow.pl\/?p=3063"},"modified":"2026-09-02T15:54:49","modified_gmt":"2026-09-02T13:54:49","slug":"zapraszamy-na-pielgrzymke-uniwersytetu-trzeciego-wieku","status":"publish","type":"post","link":"https:\/\/www.utwdrz.rzeszow.pl\/index.php\/2026\/09\/02\/zapraszamy-na-pielgrzymke-uniwersytetu-trzeciego-wieku\/","title":{"rendered":"Zapraszamy na pielgrzymk\u0119 Uniwersytetu Trzeciego Wieku"},"content":{"rendered":"\n<p class=\"wp-block-paragraph\"><strong>Pielgrzymka Uniwersytetu Trzeciego Wieku Diecezji Rzeszowskiej Por\u0105bka Uszewska &#8211; D\u0119bno &#8211; Stary S\u0105cz &#8211; Tropie<\/strong><\/p>\n\n\n\n<p class=\"wp-block-paragraph\"><strong>Poniedzia\u0142ek, 28 wrze\u015bnia 2026 r. <\/strong><\/p>\n\n\n\n<figure class=\"wp-block-table\"><table class=\"has-fixed-layout\"><tbody><tr><td><strong>Godzina<\/strong><\/td><td><strong>Program<\/strong><\/td><\/tr><tr><td><strong>7:00<\/strong><\/td><td>Rzesz\u00f3w \u2013 ul. Witolda<\/td><\/tr><tr><td><strong>8:20<\/strong><\/td><td>Por\u0105bka Uszewska<\/td><\/tr><tr><td><strong>8:20\u20139:30<\/strong><\/td><td>Ko\u015bci\u00f3\u0142 + Grota Lourdes + modlitwa<\/td><\/tr><tr><td><strong>9:30<\/strong><\/td><td>Wyjazd<\/td><\/tr><tr><td><strong>9:40\u201310:20<\/strong><\/td><td><strong>D\u0119bno \u2013 zamek z zewn\u0105trz<\/strong><\/td><\/tr><tr><td><strong>10:20<\/strong><\/td><td>Wyjazd<\/td><\/tr><tr><td><strong>ok. 11:30<\/strong><\/td><td>Stary S\u0105cz<\/td><\/tr><tr><td><strong>11:30\u201313:00<\/strong><\/td><td><strong>Klaryski + muzeum Domu Kingi<\/strong><\/td><\/tr><tr><td><strong>13:00\u201313:20<\/strong><\/td><td>Rynek Starego S\u0105cza<\/td><\/tr><tr><td><strong>13:20<\/strong><\/td><td>Wyjazd na B\u0142onia<\/td><\/tr><tr><td><strong>13:30\u201314:15<\/strong><\/td><td><strong>O\u0142tarz Papieski + Sala Pami\u0119ci<\/strong><\/td><\/tr><tr><td><strong>14:15\u201315:15<\/strong><\/td><td><strong>Obiad<\/strong><\/td><\/tr><tr><td><strong>15:15<\/strong><\/td><td>Wyjazd przez Ro\u017cn\u00f3w<\/td><\/tr><tr><td><strong>ok. 15:50<\/strong><\/td><td>Jezioro Ro\u017cnowskie \/ Ro\u017cn\u00f3w \u2013 przejazd widokowy<\/td><\/tr><tr><td><strong>ok. 16:00<\/strong><\/td><td><strong>Tropie<\/strong><\/td><\/tr><tr><td><strong>16:00\u201316:40<\/strong><\/td><td><strong>Msza \u015bw.<\/strong><\/td><\/tr><tr><td><strong>16:45\u201317:30<\/strong><\/td><td>Zwiedzanie sanktuarium<\/td><\/tr><tr><td><strong>17:30<\/strong><\/td><td>Wyjazd<\/td><\/tr><tr><td><strong>ok. 19:30\u201320:00<\/strong><\/td><td>Rzesz\u00f3w<\/td><\/tr><\/tbody><\/table><\/figure>\n\n\n\n<p class=\"wp-block-paragraph\"> <\/p>\n\n\n\n<p class=\"wp-block-paragraph\">Serdecznie zapraszamy doc udzia\u0142u, mo\u017cna zaprosi\u0107 swoje kole\u017canki i koleg\u00f3w spoza naszego Uniwersytetu. Zg\u0142oszenia do Pani Prezes Danuty  Wojnar &#8211; P\u0142aza, tel. 511 080 280<\/p>\n","protected":false},"excerpt":{"rendered":"<p>Pielgrzymka Uniwersytetu Trzeciego Wieku Diecezji Rzeszowskiej Por\u0105bka Uszewska &#8211; D\u0119bno &#8211; Stary S\u0105cz &#8211; Tropie Poniedzia\u0142ek, 28 wrze\u015bnia 2026 r. Godzina Program 7:00 Rzesz\u00f3w \u2013 ul. Witolda 8:20 Por\u0105bka Uszewska&#8230; <a class=\"read-more-link\" href=\"https:\/\/www.utwdrz.rzeszow.pl\/index.php\/2026\/09\/02\/zapraszamy-na-pielgrzymke-uniwersytetu-trzeciego-wieku\/\">Czytaj dalej &raquo;<\/a><\/p>\n","protected":false},"author":1,"featured_media":2177,"comment_status":"closed","ping_status":"closed","sticky":false,"template":"","format":"standard","meta":{"footnotes":""},"categories":[1],"tags":[],"class_list":["post-3063","post","type-post","status-publish","format-standard","has-post-thumbnail","hentry","category-bez-kategorii"],"_links":{"self":[{"href":"https:\/\/www.utwdrz.rzeszow.pl\/index.php\/wp-json\/wp\/v2\/posts\/3063","targetHints":{"allow":["GET"]}}],"collection":[{"href":"https:\/\/www.utwdrz.rzeszow.pl\/index.php\/wp-json\/wp\/v2\/posts"}],"about":[{"href":"https:\/\/www.utwdrz.rzeszow.pl\/index.php\/wp-json\/wp\/v2\/types\/post"}],"author":[{"embeddable":true,"href":"https:\/\/www.utwdrz.rzeszow.pl\/index.php\/wp-json\/wp\/v2\/users\/1"}],"replies":[{"embeddable":true,"href":"https:\/\/www.utwdrz.rzeszow.pl\/index.php\/wp-json\/wp\/v2\/comments?post=3063"}],"version-history":[{"count":1,"href":"https:\/\/www.utwdrz.rzeszow.pl\/index.php\/wp-json\/wp\/v2\/posts\/3063\/revisions"}],"predecessor-version":[{"id":3064,"href":"https:\/\/www.utwdrz.rzeszow.pl\/index.php\/wp-json\/wp\/v2\/posts\/3063\/revisions\/3064"}],"wp:featuredmedia":[{"embeddable":true,"href":"https:\/\/www.utwdrz.rzeszow.pl\/index.php\/wp-json\/wp\/v2\/media\/2177"}],"wp:attachment":[{"href":"https:\/\/www.utwdrz.rzeszow.pl\/index.php\/wp-json\/wp\/v2\/media?parent=3063"}],"wp:term":[{"taxonomy":"category","embeddable":true,"href":"https:\/\/www.utwdrz.rzeszow.pl\/index.php\/wp-json\/wp\/v2\/categories?post=3063"},{"taxonomy":"post_tag","embeddable":true,"href":"https:\/\/www.utwdrz.rzeszow.pl\/index.php\/wp-json\/wp\/v2\/tags?post=3063"}],"curies":[{"name":"wp","href":"https:\/\/api.w.org\/{rel}","templated":true}]}}