{"id":2231,"date":"2025-10-27T11:23:45","date_gmt":"2025-10-27T10:23:45","guid":{"rendered":"https:\/\/www.utwdrz.rzeszow.pl\/?p=2231"},"modified":"2025-10-27T11:23:45","modified_gmt":"2025-10-27T10:23:45","slug":"konferencja-biblijna-w-myczkowcach-8-11-2025-r","status":"publish","type":"post","link":"https:\/\/www.utwdrz.rzeszow.pl\/index.php\/2025\/10\/27\/konferencja-biblijna-w-myczkowcach-8-11-2025-r\/","title":{"rendered":"Konferencja biblijna w Myczkowcach 8.11.2025 r."},"content":{"rendered":"\n<p><strong>Caritas Diecezji Rzeszowskiej<\/strong>, <strong>O\u015brodek Wypoczynkowo <\/strong>\u2013<strong> Rehabilitacyjny w\u00a0Myczkowcach<\/strong><br><strong>i Katolickie Stowarzyszenie \u201eCivitas Christiana\u201d <\/strong> <strong>Region Lubelsko &#8211; Rzeszowski<\/strong><\/p>\n\n\n\n<p>Maj\u0105 zaszczyt zaprosi\u0107 n<strong>a Konferencj\u0119 Biblijn\u0105<\/strong> <strong>\u201eKu lepszemu rozumieniu Pisma \u015awi\u0119tego\u201d<\/strong><\/p>\n\n\n\n<p>przy OGRODZIE BIBLIJNYM w dniu 8 listopada\u00a0 2025 r. w O\u015brodku Caritas w Myczkowcach<\/p>\n\n\n\n<p>Program<\/p>\n\n\n\n<p>&nbsp;9.15 &nbsp;&nbsp;Ks. Prof. Henryk Witczyk&nbsp; &#8211; &#8222;<strong>Jestem mi\u0142o\u015bci\u0105 i mi\u0142osierdziem samym&#8221; (Dzienniczek nr &nbsp;&nbsp;&nbsp;&nbsp;<br>&nbsp;&nbsp;&nbsp;&nbsp;&nbsp;&nbsp;&nbsp;&nbsp;&nbsp;&nbsp; 1842). Formu\u0142a samobjawieniowa&nbsp; mi\u0142osiernego Jezusa w odniesieniu do misterium &nbsp;&nbsp;&nbsp;&nbsp;&nbsp;&nbsp;<br>&nbsp;&nbsp;&nbsp;&nbsp;&nbsp;&nbsp;&nbsp;&nbsp;&nbsp;&nbsp;&nbsp; Boga\u201d.<\/strong> &#8211; Katedra Teologii Biblijnej i Proforystyki Instytut Nauk Biblijnych&nbsp; Wydzia\u0142 Teologii,&nbsp;<br>&nbsp;&nbsp;&nbsp;&nbsp;&nbsp;&nbsp;&nbsp;&nbsp;&nbsp;&nbsp; &nbsp;Katolicki&nbsp; Uniwersytet Lubelski Jana Paw\u0142a II<\/p>\n\n\n\n<p>10.00&nbsp; &nbsp;ks. dr Tomasz B\u0105k&nbsp; &#8211; \u201e<strong>Judeochrze\u015bcija\u0144ski charakter Ewangelii wed\u0142ug \u015bw. Mateusza\u201d<br>&nbsp;&nbsp;&nbsp;&nbsp;&nbsp;&nbsp;&nbsp;&nbsp;&nbsp;&nbsp;&nbsp; &#8211;<\/strong> Katedra Filologii Biblijnej i Literatury Mi\u0119dzytestamentalnej, Wydzia\u0142 Teologii, Katolicki<br>&nbsp;&nbsp;&nbsp;&nbsp;&nbsp;&nbsp;&nbsp;&nbsp;&nbsp;&nbsp;&nbsp; Uniwersytet &nbsp;Lubelski Jana Paw\u0142a II<\/p>\n\n\n\n<p><strong>10. 45&nbsp;&nbsp; Przerwa kawowa<\/strong><\/p>\n\n\n\n<p>11.15. &nbsp;Dr hab. Zofia W\u0142odarczyk&nbsp; <strong>&#8211;<\/strong><strong> \u201eZnaczenie gospodarcze i symbolika wybranych ro\u015blin&nbsp;&nbsp;<br>&nbsp;&nbsp;&nbsp;&nbsp;&nbsp;&nbsp;&nbsp;&nbsp;&nbsp;&nbsp; biblijnych\u201d-<\/strong> Katedra Ro\u015blin Ozdobnych i Sztuki Ogrodowej Wydzia\u0142 Biotechnologii<br>&nbsp;&nbsp;&nbsp;&nbsp;&nbsp;&nbsp;&nbsp;&nbsp;&nbsp;&nbsp; i Ogrodnictwa&nbsp; &#8211; Uniwersytet Rolniczy w Krakowie.<\/p>\n\n\n\n<p>12. 00&nbsp; Ks. prof. dr hab. Tadeusz Bratkowski <strong>\u201e Na czas listopadowej zadumy \u2013 Gabriel Faure:<br>&nbsp;&nbsp;&nbsp;&nbsp;&nbsp;&nbsp;&nbsp;&nbsp;&nbsp;&nbsp; Requiem\u201d <\/strong>\u2013 Uniwersytet Rzeszowski.<\/p>\n\n\n\n<p><strong>13.00&nbsp; \u2013 Obiad<\/strong><\/p>\n\n\n\n<p><strong>15.00&nbsp;&nbsp; Msza \u015bw.&nbsp;&nbsp; &#8211;&nbsp; zako\u0144czenie &nbsp;<\/strong><\/p>\n","protected":false},"excerpt":{"rendered":"<p>Caritas Diecezji Rzeszowskiej, O\u015brodek Wypoczynkowo \u2013 Rehabilitacyjny w\u00a0Myczkowcachi Katolickie Stowarzyszenie \u201eCivitas Christiana\u201d Region Lubelsko &#8211; Rzeszowski Maj\u0105 zaszczyt zaprosi\u0107 na Konferencj\u0119 Biblijn\u0105 \u201eKu lepszemu rozumieniu Pisma \u015awi\u0119tego\u201d przy OGRODZIE BIBLIJNYM&#8230; <a class=\"read-more-link\" href=\"https:\/\/www.utwdrz.rzeszow.pl\/index.php\/2025\/10\/27\/konferencja-biblijna-w-myczkowcach-8-11-2025-r\/\">Czytaj dalej &raquo;<\/a><\/p>\n","protected":false},"author":1,"featured_media":1824,"comment_status":"closed","ping_status":"closed","sticky":false,"template":"","format":"standard","meta":{"footnotes":""},"categories":[1],"tags":[],"class_list":["post-2231","post","type-post","status-publish","format-standard","has-post-thumbnail","hentry","category-bez-kategorii"],"_links":{"self":[{"href":"https:\/\/www.utwdrz.rzeszow.pl\/index.php\/wp-json\/wp\/v2\/posts\/2231","targetHints":{"allow":["GET"]}}],"collection":[{"href":"https:\/\/www.utwdrz.rzeszow.pl\/index.php\/wp-json\/wp\/v2\/posts"}],"about":[{"href":"https:\/\/www.utwdrz.rzeszow.pl\/index.php\/wp-json\/wp\/v2\/types\/post"}],"author":[{"embeddable":true,"href":"https:\/\/www.utwdrz.rzeszow.pl\/index.php\/wp-json\/wp\/v2\/users\/1"}],"replies":[{"embeddable":true,"href":"https:\/\/www.utwdrz.rzeszow.pl\/index.php\/wp-json\/wp\/v2\/comments?post=2231"}],"version-history":[{"count":1,"href":"https:\/\/www.utwdrz.rzeszow.pl\/index.php\/wp-json\/wp\/v2\/posts\/2231\/revisions"}],"predecessor-version":[{"id":2232,"href":"https:\/\/www.utwdrz.rzeszow.pl\/index.php\/wp-json\/wp\/v2\/posts\/2231\/revisions\/2232"}],"wp:featuredmedia":[{"embeddable":true,"href":"https:\/\/www.utwdrz.rzeszow.pl\/index.php\/wp-json\/wp\/v2\/media\/1824"}],"wp:attachment":[{"href":"https:\/\/www.utwdrz.rzeszow.pl\/index.php\/wp-json\/wp\/v2\/media?parent=2231"}],"wp:term":[{"taxonomy":"category","embeddable":true,"href":"https:\/\/www.utwdrz.rzeszow.pl\/index.php\/wp-json\/wp\/v2\/categories?post=2231"},{"taxonomy":"post_tag","embeddable":true,"href":"https:\/\/www.utwdrz.rzeszow.pl\/index.php\/wp-json\/wp\/v2\/tags?post=2231"}],"curies":[{"name":"wp","href":"https:\/\/api.w.org\/{rel}","templated":true}]}}