{"id":1964,"date":"2025-05-08T22:11:12","date_gmt":"2025-05-08T20:11:12","guid":{"rendered":"https:\/\/www.utwdrz.rzeszow.pl\/?p=1964"},"modified":"2025-05-08T22:11:12","modified_gmt":"2025-05-08T20:11:12","slug":"nowy-papiez-leon-xiv","status":"publish","type":"post","link":"https:\/\/www.utwdrz.rzeszow.pl\/index.php\/2025\/05\/08\/nowy-papiez-leon-xiv\/","title":{"rendered":"Nowy papie\u017c Leon XIV"},"content":{"rendered":"\n<p><\/p>\n\n\n\n<p>8 maja 2025 roku, po czterech turach g\u0142osowania w Kaplicy Syksty\u0144skiej, konklawe wybra\u0142o nowego papie\u017ca. Zosta\u0142 nim 69-letni kardyna\u0142 Robert Francis Prevost z Chicago, kt\u00f3ry przyj\u0105\u0142 imi\u0119 Leon XIV.<\/p>\n\n\n\n<h3 class=\"wp-block-heading\">Kim jest Leon XIV?<\/h3>\n\n\n\n<p>Robert Prevost urodzi\u0142 si\u0119 14 wrze\u015bnia 1955 roku w Chicago. Jest cz\u0142onkiem zakonu augustian\u00f3w i przez wiele lat pe\u0142ni\u0142 pos\u0142ug\u0119 misyjn\u0105 w Peru, gdzie by\u0142 m.in. biskupem Chiclayo. W 2023 roku papie\u017c Franciszek mianowa\u0142 go kardyna\u0142em oraz prefektem Dykasterii ds. Biskup\u00f3w.<\/p>\n\n\n\n<p>Leon XIV jest pierwszym papie\u017cem pochodz\u0105cym z Ameryki P\u00f3\u0142nocnej oraz pierwszym Amerykaninem na tronie Piotrowym. Jest tak\u017ce sz\u00f3stym papie\u017cem wywodz\u0105cym si\u0119 z zakonu augustian\u00f3w.<\/p>\n\n\n\n<h3 class=\"wp-block-heading\">Pierwsze s\u0142owa i reakcje \u015bwiata<\/h3>\n\n\n\n<p>Po og\u0142oszeniu wyboru, papie\u017c Leon XIV pojawi\u0142 si\u0119 na balkonie Bazyliki \u015bw. Piotra, gdzie udzieli\u0142 b\u0142ogos\u0142awie\u0144stwa Urbi et Orbi i wezwa\u0142 do pokoju dla wszystkich narod\u00f3w.<\/p>\n\n\n\n<p>Wyb\u00f3r Leona XIV zosta\u0142 entuzjastycznie przyj\u0119ty na ca\u0142ym \u015bwiecie<\/p>\n","protected":false},"excerpt":{"rendered":"<p>8 maja 2025 roku, po czterech turach g\u0142osowania w Kaplicy Syksty\u0144skiej, konklawe wybra\u0142o nowego papie\u017ca. Zosta\u0142 nim 69-letni kardyna\u0142 Robert Francis Prevost z Chicago, kt\u00f3ry przyj\u0105\u0142 imi\u0119 Leon XIV. Kim&#8230; <a class=\"read-more-link\" href=\"https:\/\/www.utwdrz.rzeszow.pl\/index.php\/2025\/05\/08\/nowy-papiez-leon-xiv\/\">Czytaj dalej &raquo;<\/a><\/p>\n","protected":false},"author":1,"featured_media":1965,"comment_status":"closed","ping_status":"closed","sticky":false,"template":"","format":"standard","meta":{"footnotes":""},"categories":[1],"tags":[],"class_list":["post-1964","post","type-post","status-publish","format-standard","has-post-thumbnail","hentry","category-bez-kategorii"],"_links":{"self":[{"href":"https:\/\/www.utwdrz.rzeszow.pl\/index.php\/wp-json\/wp\/v2\/posts\/1964","targetHints":{"allow":["GET"]}}],"collection":[{"href":"https:\/\/www.utwdrz.rzeszow.pl\/index.php\/wp-json\/wp\/v2\/posts"}],"about":[{"href":"https:\/\/www.utwdrz.rzeszow.pl\/index.php\/wp-json\/wp\/v2\/types\/post"}],"author":[{"embeddable":true,"href":"https:\/\/www.utwdrz.rzeszow.pl\/index.php\/wp-json\/wp\/v2\/users\/1"}],"replies":[{"embeddable":true,"href":"https:\/\/www.utwdrz.rzeszow.pl\/index.php\/wp-json\/wp\/v2\/comments?post=1964"}],"version-history":[{"count":1,"href":"https:\/\/www.utwdrz.rzeszow.pl\/index.php\/wp-json\/wp\/v2\/posts\/1964\/revisions"}],"predecessor-version":[{"id":1966,"href":"https:\/\/www.utwdrz.rzeszow.pl\/index.php\/wp-json\/wp\/v2\/posts\/1964\/revisions\/1966"}],"wp:featuredmedia":[{"embeddable":true,"href":"https:\/\/www.utwdrz.rzeszow.pl\/index.php\/wp-json\/wp\/v2\/media\/1965"}],"wp:attachment":[{"href":"https:\/\/www.utwdrz.rzeszow.pl\/index.php\/wp-json\/wp\/v2\/media?parent=1964"}],"wp:term":[{"taxonomy":"category","embeddable":true,"href":"https:\/\/www.utwdrz.rzeszow.pl\/index.php\/wp-json\/wp\/v2\/categories?post=1964"},{"taxonomy":"post_tag","embeddable":true,"href":"https:\/\/www.utwdrz.rzeszow.pl\/index.php\/wp-json\/wp\/v2\/tags?post=1964"}],"curies":[{"name":"wp","href":"https:\/\/api.w.org\/{rel}","templated":true}]}}