{"id":1916,"date":"2025-02-17T22:26:55","date_gmt":"2025-02-17T21:26:55","guid":{"rendered":"https:\/\/www.utwdrz.rzeszow.pl\/?p=1916"},"modified":"2025-02-21T22:29:00","modified_gmt":"2025-02-21T21:29:00","slug":"wielka-nowenna-za-polske","status":"publish","type":"post","link":"https:\/\/www.utwdrz.rzeszow.pl\/index.php\/2025\/02\/17\/wielka-nowenna-za-polske\/","title":{"rendered":"Wielka Nowenna za Polsk\u0119"},"content":{"rendered":"\n<p>Zapraszamy wszystkich ludzi dobrej woli, kt\u00f3rym na sercu le\u017cy przysz\u0142o\u015b\u0107 naszej Ojczyzny do Wielkiej Nowenny za Polsk\u0119 i nasz Nar\u00f3d! Nowenna jest odpowiedzi\u0105 na wielkie pragnienie wielu ofiarnych serc Polak\u00f3w, by walczy\u0107 na kolanach o Bo\u017ce Mi\u0142osierdzie i Bosk\u0105 interwencj\u0119 dla Polski.<br><br>Nowenna rozpocz\u0119\u0142a si\u0119 we wtorek 11 lutego i b\u0119dzie trwa\u0107 do Wielkiego Wtorku 15 kwietnia. Dziewi\u0119\u0107 tygodni nieustannej modlitwy: jedna cz\u0119\u015b\u0107 r\u00f3\u017ca\u0144ca, koronka do Bo\u017cego Mi\u0142osierdzia, poni\u017csza modlitwa za Ojczyzn\u0119 i ofiarowania w niedziel\u0119 Komunii \u015awi\u0119tej wynagradzaj\u0105cej za grzechy narodowe.<br><br>Ukoronowaniem nowenny b\u0119dzie zawierzenie Polski Mi\u0142osierdziu Bo\u017cemu 27 kwietnia podczas Mszy \u015awi\u0119tej.<\/p>\n\n\n\n<h4 class=\"wp-block-heading\">Modlitwa za Ojczyzn\u0119<\/h4>\n\n\n\n<p><em>Za zgod\u0105 Kurii Biskupiej Warszawsko-Praskiej z dnia 6 XII 2017 r., nr 2284(K)2017<\/em><\/p>\n\n\n\n<p>Bo\u017ce, Ty jeste\u015b Stw\u00f3rc\u0105 wszystkiego co istnieje<br>i Ojcem wielkiej rodziny ludzkiej.<br>Powo\u0142a\u0142e\u015b Ojczyzn\u0119 nasz\u0105, Polsk\u0119,<br>do przekazania \u015bwiatu iskry Bo\u017cego Mi\u0142osierdzia<br>przygotowuj\u0105cej na powt\u00f3rne przyj\u015bcie Twojego Syna.<br>Nie opuszczaj nas, mimo naszych grzech\u00f3w,<br>wa\u015bni, s\u0142abo\u015bci i niewierno\u015bci, pychy i egoizmu.<br>Pragniemy Ci\u0119 przeb\u0142aga\u0107 i prosi\u0107,<br>by\u015b da\u0142 nam odczuwa\u0107 Twoj\u0105 Ojcowsk\u0105 obecno\u015b\u0107<br>i dokona\u0142 zmartwychwstania serc naszych.<br>Bo\u017ce, Ty jeste\u015b mi\u0142osierdziem i sprawiedliwo\u015bci\u0105,<br>nie pozw\u00f3l nam zmarnowa\u0107 dziedzictwa \u015bwi\u0119tego Jana Paw\u0142a II<br>i naszych \u015bwi\u0119tych Rodak\u00f3w.<br>Tobie powierzamy losy naszej Ojczyzny,<br>jej tera\u017aniejszo\u015b\u0107 i przysz\u0142o\u015b\u0107.<br>Przez mi\u0142o\u015b\u0107 do Matki Twojego Syna Jezusa,<br>uchro\u0144 nas od s\u0142usznej kary za nasze grzechy<br>i wybaw nas od g\u0142odu, ognia, wojny i zniszczenia.<br>Dokonaj swojej Boskiej interwencji w obecnych czasach.<br>Panie, bez mocy pochodz\u0105cej od Ciebie nic nie mo\u017cemy uczyni\u0107,<br>a z Tob\u0105 mo\u017cemy wszystko.<br>Spraw, by Polska by\u0142a wierna Twojej woli,<br>aby\u015b m\u00f3g\u0142 j\u0105 wywy\u017cszy\u0107 w pot\u0119dze i \u015bwi\u0119to\u015bci.<br>Przez Chrystusa, Pana naszego. Amen.<br><br>Maryjo, Kr\u00f3lowo Polski \u2013 m\u00f3dl si\u0119 za nami.<br><br>Aniele Str\u00f3\u017cu Polski \u2013 m\u00f3dl si\u0119 za nami.<br><br>\u015awi\u0119ty Wojciechu \u2013 m\u00f3dl si\u0119 za nami.<br><br>\u015awi\u0119ty Stanis\u0142awie \u2013 m\u00f3dl si\u0119 za nami.<br><br>\u015awi\u0119ty Andrzeju Bobolo \u2013 m\u00f3dl si\u0119 za nami.<br><br>\u015awi\u0119ta Faustyno \u2013 m\u00f3dl si\u0119 za nami.<br><br>\u015awi\u0119ty Janie Pawle II \u2013 m\u00f3dl si\u0119 za nami.<br><br>Wszyscy Polscy \u015awi\u0119ci i Patronowie nasi \u2013 m\u00f3dlcie si\u0119 za nami.<\/p>\n\n\n\n<p>Info i foto:&nbsp;<a href=\"https:\/\/polskanaskale.pl\/\">https:\/\/polskanaskale.pl\/<\/a><\/p>\n","protected":false},"excerpt":{"rendered":"<p>Zapraszamy wszystkich ludzi dobrej woli, kt\u00f3rym na sercu le\u017cy przysz\u0142o\u015b\u0107 naszej Ojczyzny do Wielkiej Nowenny za Polsk\u0119 i nasz Nar\u00f3d! Nowenna jest odpowiedzi\u0105 na wielkie pragnienie wielu ofiarnych serc Polak\u00f3w,&#8230; <a class=\"read-more-link\" href=\"https:\/\/www.utwdrz.rzeszow.pl\/index.php\/2025\/02\/17\/wielka-nowenna-za-polske\/\">Czytaj dalej &raquo;<\/a><\/p>\n","protected":false},"author":1,"featured_media":1917,"comment_status":"closed","ping_status":"closed","sticky":false,"template":"","format":"standard","meta":{"footnotes":""},"categories":[1],"tags":[],"class_list":["post-1916","post","type-post","status-publish","format-standard","has-post-thumbnail","hentry","category-bez-kategorii"],"_links":{"self":[{"href":"https:\/\/www.utwdrz.rzeszow.pl\/index.php\/wp-json\/wp\/v2\/posts\/1916","targetHints":{"allow":["GET"]}}],"collection":[{"href":"https:\/\/www.utwdrz.rzeszow.pl\/index.php\/wp-json\/wp\/v2\/posts"}],"about":[{"href":"https:\/\/www.utwdrz.rzeszow.pl\/index.php\/wp-json\/wp\/v2\/types\/post"}],"author":[{"embeddable":true,"href":"https:\/\/www.utwdrz.rzeszow.pl\/index.php\/wp-json\/wp\/v2\/users\/1"}],"replies":[{"embeddable":true,"href":"https:\/\/www.utwdrz.rzeszow.pl\/index.php\/wp-json\/wp\/v2\/comments?post=1916"}],"version-history":[{"count":1,"href":"https:\/\/www.utwdrz.rzeszow.pl\/index.php\/wp-json\/wp\/v2\/posts\/1916\/revisions"}],"predecessor-version":[{"id":1918,"href":"https:\/\/www.utwdrz.rzeszow.pl\/index.php\/wp-json\/wp\/v2\/posts\/1916\/revisions\/1918"}],"wp:featuredmedia":[{"embeddable":true,"href":"https:\/\/www.utwdrz.rzeszow.pl\/index.php\/wp-json\/wp\/v2\/media\/1917"}],"wp:attachment":[{"href":"https:\/\/www.utwdrz.rzeszow.pl\/index.php\/wp-json\/wp\/v2\/media?parent=1916"}],"wp:term":[{"taxonomy":"category","embeddable":true,"href":"https:\/\/www.utwdrz.rzeszow.pl\/index.php\/wp-json\/wp\/v2\/categories?post=1916"},{"taxonomy":"post_tag","embeddable":true,"href":"https:\/\/www.utwdrz.rzeszow.pl\/index.php\/wp-json\/wp\/v2\/tags?post=1916"}],"curies":[{"name":"wp","href":"https:\/\/api.w.org\/{rel}","templated":true}]}}