{"id":1884,"date":"2024-12-01T21:45:03","date_gmt":"2024-12-01T20:45:03","guid":{"rendered":"https:\/\/www.utwdrz.rzeszow.pl\/?p=1884"},"modified":"2024-12-01T21:45:03","modified_gmt":"2024-12-01T20:45:03","slug":"uroczystosc-niepokalanego-poczecia-nmp-8-grudnia","status":"publish","type":"post","link":"https:\/\/www.utwdrz.rzeszow.pl\/index.php\/2024\/12\/01\/uroczystosc-niepokalanego-poczecia-nmp-8-grudnia\/","title":{"rendered":"Uroczysto\u015b\u0107 Niepokalanego Pocz\u0119cia NMP &#8211; 8 grudnia"},"content":{"rendered":"\n<p><strong>Uroczysto\u015b\u0107 Niepokalanego Pocz\u0119cia Naj\u015bwi\u0119tszej Maryi Panny \u2013 \u015bwiat\u0142o nadziei w czasie Adwentu<\/strong><\/p>\n\n\n\n<p>8 grudnia obchodzimy Uroczysto\u015b\u0107 Niepokalanego Pocz\u0119cia Naj\u015bwi\u0119tszej Maryi Panny \u2013 jedno z najwa\u017cniejszych \u015bwi\u0105t ku czci Matki Bo\u017cej. Wpisuje si\u0119 ono w czas Adwentu, gdy z rado\u015bci\u0105 i nadziej\u0105 oczekujemy na przyj\u015bcie Zbawiciela. Maryja, wybrana przez Boga na Matk\u0119 Jego Syna, od pierwszej chwili swego istnienia zosta\u0142a zachowana od grzechu pierworodnego, aby mog\u0142a w pe\u0142ni odpowiedzie\u0107 na Bo\u017ce wezwanie.<\/p>\n\n\n\n<p>To \u015bwi\u0119to przypomina nam o bezgranicznej mi\u0142o\u015bci Boga do cz\u0142owieka i Jego planie zbawienia. Maryja, jako \u201epe\u0142na \u0142aski\u201d, jest dla nas wzorem ca\u0142kowitego zawierzenia i odpowiedzi na Bo\u017ce zaproszenie do wsp\u00f3\u0142pracy w dziele odkupienia. W Jej fiat \u2013 \u201eniech mi si\u0119 stanie\u201d \u2013 odnajdujemy inspiracj\u0119, by tak\u017ce w naszym \u017cyciu otwiera\u0107 si\u0119 na dzia\u0142anie Bo\u017cej \u0142aski.<\/p>\n\n\n\n<p>Uroczysto\u015b\u0107 Niepokalanego Pocz\u0119cia Naj\u015bwi\u0119tszej Maryi Panny przypomina, \u017ce w czasie Adwentu mamy nie tylko przygotowa\u0107 si\u0119 na \u015bwi\u0119towanie narodzin Chrystusa, ale tak\u017ce pozwoli\u0107, by Bo\u017ca \u0142aska przemienia\u0142a nasze serca. Maryja, jako Matka Odkupiciela, prowadzi nas do Jezusa, ucz\u0105c pokory, ufno\u015bci i mi\u0142o\u015bci wobec Boga i bli\u017anich.<\/p>\n\n\n\n<p>W tym dniu szczeg\u00f3lnym znakiem nabo\u017ce\u0144stwa jest \u201eGodzina \u0141aski\u201d, obchodzona od 12:00 do 13:00, kt\u00f3ra \u0142\u0105czy wiernych w modlitwie za \u015bwiat i w\u0142asne intencje. Maryja zapewni\u0142a, \u017ce w tym czasie otwarte s\u0105 bramy nieba, a modlitwy zanoszone z wiar\u0105 znajduj\u0105 szczeg\u00f3lne wys\u0142uchanie.<\/p>\n\n\n\n<p>Niech tegoroczna Uroczysto\u015b\u0107 Niepokalanego Pocz\u0119cia stanie si\u0119 dla nas wszystkich momentem zatrzymania si\u0119 w codziennym biegu Adwentu, spojrzenia na Maryj\u0119 jako wz\u00f3r i zawierzenia Jej opiece naszych rodzin, wsp\u00f3lnot i ca\u0142ego \u015bwiata. Pro\u015bmy J\u0105, aby prowadzi\u0142a nas drog\u0105 czysto\u015bci serca, mi\u0142o\u015bci i pokoju do pe\u0142ni spotkania z Jej Synem.<\/p>\n\n\n\n<p>\u201eRaduj si\u0119, pe\u0142na \u0142aski, Pan z Tob\u0105!\u201d (\u0141k 1,28) \u2013 niech te s\u0142owa rozbrzmiewaj\u0105 w naszych sercach, przynosz\u0105c nadziej\u0119 i \u015bwiat\u0142o w przygotowaniu na \u015awi\u0119ta Bo\u017cego Narodzenia.<\/p>\n","protected":false},"excerpt":{"rendered":"<p>Uroczysto\u015b\u0107 Niepokalanego Pocz\u0119cia Naj\u015bwi\u0119tszej Maryi Panny \u2013 \u015bwiat\u0142o nadziei w czasie Adwentu 8 grudnia obchodzimy Uroczysto\u015b\u0107 Niepokalanego Pocz\u0119cia Naj\u015bwi\u0119tszej Maryi Panny \u2013 jedno z najwa\u017cniejszych \u015bwi\u0105t ku czci Matki Bo\u017cej&#8230;. <a class=\"read-more-link\" href=\"https:\/\/www.utwdrz.rzeszow.pl\/index.php\/2024\/12\/01\/uroczystosc-niepokalanego-poczecia-nmp-8-grudnia\/\">Czytaj dalej &raquo;<\/a><\/p>\n","protected":false},"author":1,"featured_media":1885,"comment_status":"closed","ping_status":"closed","sticky":false,"template":"","format":"standard","meta":{"footnotes":""},"categories":[1],"tags":[],"class_list":["post-1884","post","type-post","status-publish","format-standard","has-post-thumbnail","hentry","category-bez-kategorii"],"_links":{"self":[{"href":"https:\/\/www.utwdrz.rzeszow.pl\/index.php\/wp-json\/wp\/v2\/posts\/1884","targetHints":{"allow":["GET"]}}],"collection":[{"href":"https:\/\/www.utwdrz.rzeszow.pl\/index.php\/wp-json\/wp\/v2\/posts"}],"about":[{"href":"https:\/\/www.utwdrz.rzeszow.pl\/index.php\/wp-json\/wp\/v2\/types\/post"}],"author":[{"embeddable":true,"href":"https:\/\/www.utwdrz.rzeszow.pl\/index.php\/wp-json\/wp\/v2\/users\/1"}],"replies":[{"embeddable":true,"href":"https:\/\/www.utwdrz.rzeszow.pl\/index.php\/wp-json\/wp\/v2\/comments?post=1884"}],"version-history":[{"count":1,"href":"https:\/\/www.utwdrz.rzeszow.pl\/index.php\/wp-json\/wp\/v2\/posts\/1884\/revisions"}],"predecessor-version":[{"id":1886,"href":"https:\/\/www.utwdrz.rzeszow.pl\/index.php\/wp-json\/wp\/v2\/posts\/1884\/revisions\/1886"}],"wp:featuredmedia":[{"embeddable":true,"href":"https:\/\/www.utwdrz.rzeszow.pl\/index.php\/wp-json\/wp\/v2\/media\/1885"}],"wp:attachment":[{"href":"https:\/\/www.utwdrz.rzeszow.pl\/index.php\/wp-json\/wp\/v2\/media?parent=1884"}],"wp:term":[{"taxonomy":"category","embeddable":true,"href":"https:\/\/www.utwdrz.rzeszow.pl\/index.php\/wp-json\/wp\/v2\/categories?post=1884"},{"taxonomy":"post_tag","embeddable":true,"href":"https:\/\/www.utwdrz.rzeszow.pl\/index.php\/wp-json\/wp\/v2\/tags?post=1884"}],"curies":[{"name":"wp","href":"https:\/\/api.w.org\/{rel}","templated":true}]}}